{"id":3123,"date":"2019-11-08T18:30:01","date_gmt":"2019-11-08T18:30:01","guid":{"rendered":"http:\/\/tweetandtravel.com\/?p=3123"},"modified":"2021-04-19T17:35:32","modified_gmt":"2021-04-19T15:35:32","slug":"lesprit-des-lieux","status":"publish","type":"post","link":"https:\/\/slowlivinghideaway.com\/en\/2019\/11\/08\/lesprit-des-lieux\/","title":{"rendered":"L\u2019Esprit des Lieux, Lu\u00e7on"},"content":{"rendered":"<div class=\"pntrst_main_before_after\"><div class=\"pntrst-button-wrap\">\n\t\t\t\t\t\t\t<a data-pin-do=\"buttonBookmark\" data-pin-custom=\"\" href=\"https:\/\/www.pinterest.com\/pin\/create\/button\/\"><img data-pin-nopin=\"1\" class=\"pntrst-custom-pin\" src=\"https:\/\/slowlivinghideaway.com\/en\/wp-content\/plugins\/bws-pinterest\/images\/pin.png\" width=\"60\"><\/a>\n\t\t\t\t\t\t<\/div><div class=\"pntrst-button-wrap \" >\n\t\t\t\t\t\t\t<a  data-pin-do=\"buttonFollow\" href=\"https:\/\/www.pinterest.com\/\/\">Follow me<\/a>\n\t\t\t\t\t\t<\/div><\/div>\n<figure class=\"wp-block-image\"><img src=\"https:\/\/tweetandtravel.files.wordpress.com\/2019\/11\/l-esprit-des-lieux-lucon-vendee-1.jpg\" alt=\"L\u2019Esprit des Lieux, Lu\u00e7on - chambre d\u2019h\u00f4tes Pays de la Loire\" class=\"wp-image-3671\"\/><\/figure>\n\n\n\n<p><span style=\"color: #808080;\">A maniacal reconstruction of a place of yesteryear, combined with essential lines and natural shades. This is the feeling you get when you cross the door of <a href=\"https:\/\/maisonlespritdeslieux.fr\/fr\/\"><strong>L'Esprit des Lieux<\/strong><\/a>, a charming chambre d'h\u00f4tes in Lu\u00e7on, in the French department of Vend\u00e9e, Pays de la Loire, France.<\/span><\/p>\n\n\n\n<figure class=\"wp-block-image\"><img src=\"https:\/\/tweetandtravel.files.wordpress.com\/2019\/11\/l-esprit-des-lieux-france-1.jpg\" alt=\"L\u2019Esprit des Lieux, Lu\u00e7on - chambre d\u2019h\u00f4tes Pays de la Loire\" class=\"wp-image-3672\"\/><\/figure>\n\n\n\n<p><span style=\"color: #808080;\">A neutral palette, in shades of whites and beiges, is the backdrop for handcrafted gems, such as the Elisa <a href=\"https:\/\/www.instagram.com\/ely_garage28\/\">@ely_garage28<\/a> wire crown, <a href=\"https:\/\/www.instagram.com\/astierdevillatte\/\">Astier de Villatte<\/a>&nbsp;and&nbsp;<a href=\"https:\/\/www.instagram.com\/reves.dargile\/\">R\u00eave d\u2019Argile<\/a> ceramics, or chandeliers by <a href=\"https:\/\/www.instagram.com\/mercilouis\/\">Merci Louis<\/a>. Scattered here and there are some vintage decorations, like the old doors that are the dining room's backdrop of the house of Nine, the owner, or the oil-painted portraits.<\/span><\/p>\n\n\n\n<figure class=\"wp-block-image\"><img src=\"https:\/\/tweetandtravel.files.wordpress.com\/2019\/11\/l-esprit-des-lieux-chambre-d-hotes-astier-de-villatte-1.jpg\" alt=\"Astier de Villatte @L\u2019Esprit des Lieux, Lu\u00e7on - Chambre d\u2019h\u00f4tes Pays de la Loire\" class=\"wp-image-3673\"\/><\/figure>\n\n\n\n<p><span style=\"color: #808080;\">In the library room, a relaxing area where you can read a book and enjoy a hot drink around the fireplace. There's a piano, for unexpected concerts ...<\/span><\/p>\n\n\n\n<figure class=\"wp-block-image\"><img src=\"https:\/\/tweetandtravel.files.wordpress.com\/2019\/11\/l-esprit-des-lieux-chambre-d-hotes-lucon-france-1.jpg\" alt=\"L\u2019Esprit des Lieux, Lu\u00e7on - Chambre d\u2019h\u00f4tes Pays de la Loire\" class=\"wp-image-3674\"\/><\/figure>\n\n\n\n<p><span style=\"color: #808080;\">Nine purchases a different local specialty every day for breakfast. The queen of all is the g\u00e2che, a typical brioche of Vendea. To flour, eggs, butter and sugar, cream is added, to make it more tasty and ... light! And homemade jams, fresh orange juice and different types of fresh bread.<\/span><\/p>\n\n\n\n<figure class=\"wp-block-image\"><img src=\"https:\/\/tweetandtravel.files.wordpress.com\/2019\/11\/l-esprit-des-lieux-chambre-d-hotes-lucon-petit-dejeuner-1.jpg\" alt=\"OLYMPUS DIGITAL CAMERA\" class=\"wp-image-3676\"\/><\/figure>\n\n\n\n<p><span style=\"color: #808080;\">Not to be missed nearby is the Ch\u00e2teau de Terre Neuve and a canoe trip in the French regional park Marais Poitevin, also known as Green Venice for its marshy canals. Booking a group excursion by canoe (group, because the itineraries for those who rent canoes independently are different) to the <a href=\"https:\/\/www.vendee-tourisme.com\/activites-nature\/8992-embarcadere-du-petit-port-sauvage.html\">Embarcad\u00e8re du Petit Port Sauvage<\/a> you can see the Abbaye de Maillezais from the canal (wow!). This area is famous for snails and frog legs: try it at the <a href=\"https:\/\/www.auberge-de-abbaye85.fr\/restaurant-maillezais\">Auberge de l\u2019Abbaye<\/a>.<\/span><\/p>\n\n\n\n<p><strong><em>Follow my travel tips:<br>INSTAGRAM&nbsp;<\/em><\/strong><a href=\"https:\/\/www.instagram.com\/tweetandtravel\/\" target=\"_blank\" rel=\"noreferrer noopener\"><strong><em>@<\/em><\/strong><\/a><strong><em><a href=\"https:\/\/www.instagram.com\/slowlivinghideaway\" target=\"_blank\" rel=\"noreferrer noopener\">slowlivinghideaway<\/a><\/em><\/strong><\/p>\n\n\n\n<div class=\"wp-block-buttons is-content-justification-center\">\n<div class=\"wp-block-button\"><a class=\"wp-block-button__link\" href=\"https:\/\/slowlivinghideaway.com\/en\/\" target=\"_blank\" rel=\"noreferrer noopener\">TRAVEL WITH ME<\/a><\/div>\n<\/div>\n\n\n\n<figure class=\"wp-block-image\"><img src=\"https:\/\/tweetandtravel.files.wordpress.com\/2019\/11\/l-esprit-des-lieux-lucon-1.jpg\" alt=\"OLYMPUS DIGITAL CAMERA\" class=\"wp-image-3677\"\/><\/figure>\n\n\n\n<figure class=\"wp-block-image\"><img src=\"https:\/\/tweetandtravel.files.wordpress.com\/2019\/11\/l-esprit-des-lieux-chambre-d-hotes-bougies-1.jpg\" alt=\"OLYMPUS DIGITAL CAMERA\" class=\"wp-image-3678\"\/><\/figure>\n\n\n\n<figure class=\"wp-block-image\"><img src=\"https:\/\/tweetandtravel.files.wordpress.com\/2019\/11\/l-esprit-des-lieux-chambre-d-hotesshabby.jpg\" alt=\"OLYMPUS DIGITAL CAMERA\" class=\"wp-image-3680\"\/><\/figure>\n\n\n\n<figure class=\"wp-block-image\"><img src=\"https:\/\/tweetandtravel.files.wordpress.com\/2019\/11\/l-esprit-des-lieux-bed-and-breakfast-1.jpg\" alt=\"OLYMPUS DIGITAL CAMERA\" class=\"wp-image-3681\"\/><\/figure>\n\n\n\n<figure class=\"wp-block-image\"><img src=\"https:\/\/tweetandtravel.files.wordpress.com\/2019\/11\/l-esprit-des-lieux-chambre-d-hotes-petit-dejeuner-1.jpg\" alt=\"OLYMPUS DIGITAL CAMERA\" class=\"wp-image-3682\"\/><\/figure>\n\n\n\n<figure class=\"wp-block-image\"><img src=\"https:\/\/tweetandtravel.files.wordpress.com\/2019\/11\/l-esprit-des-lieux-chambre-d-hotes-shabby-chic-1.jpg\" alt=\"OLYMPUS DIGITAL CAMERA\" class=\"wp-image-3685\"\/><\/figure>\n\n\n\n<figure class=\"wp-block-image\"><img src=\"https:\/\/tweetandtravel.files.wordpress.com\/2019\/11\/l-esprit-des-lieux-lucon-france-1.jpg\" alt=\"OLYMPUS DIGITAL CAMERA\" class=\"wp-image-3684\"\/><\/figure>\n\n\n\n<figure class=\"wp-block-image\"><img src=\"https:\/\/tweetandtravel.files.wordpress.com\/2019\/11\/l-esprit-des-lieux-chambre-d-hotes-1.jpg\" alt=\"L\u2019Esprit des Lieux, Lu\u00e7on - Chambre d\u2019h\u00f4tes Pays de la Loire\" class=\"wp-image-3687\"\/><\/figure>\n\n\n\n<figure class=\"wp-block-image\"><img src=\"https:\/\/tweetandtravel.files.wordpress.com\/2019\/11\/l-esprit-des-lieux-1.jpg\" alt=\"L\u2019Esprit des Lieux, Lu\u00e7on - Chambre d\u2019h\u00f4tes Pays de la Loire\" class=\"wp-image-3689\"\/><\/figure>\n\n\n\n<figure class=\"wp-block-image\"><img src=\"https:\/\/tweetandtravel.files.wordpress.com\/2019\/11\/l-esprit-des-lieux-chambre-d-hotes-bibliotheque-1.jpg\" alt=\"L\u2019Esprit des Lieux, Lu\u00e7on - Chambre d\u2019h\u00f4tes Pays de la Loire\" class=\"wp-image-3691\"\/><\/figure>\n\n\n\n<figure class=\"wp-block-image\"><img src=\"https:\/\/tweetandtravel.files.wordpress.com\/2019\/11\/l-esprit-des-lieux-oil-painting-1.jpg\" alt=\"OLYMPUS DIGITAL CAMERA\" class=\"wp-image-3790\"\/><\/figure>\n\n\n\n<figure class=\"wp-block-image alignnone size-full wp-image-3695\"><img src=\"https:\/\/tweetandtravel.files.wordpress.com\/2019\/11\/auberge-de-l-abbaye-maillezais-1.jpg\" alt=\"Auberge de l'Abbaye\" class=\"wp-image-3695\"\/><figcaption>Auberge de l'Abbaye<\/figcaption><\/figure>\n\n\n\n<figure class=\"wp-block-image alignnone size-full wp-image-3697\"><img src=\"https:\/\/tweetandtravel.files.wordpress.com\/2019\/11\/marais-poitevin-embarcadere-le-petit-port-sauvage-2.jpg\" alt=\"Marais Poitevin\" class=\"wp-image-3697\"\/><figcaption>Marais Poitevin<\/figcaption><\/figure>\n\n\n\n<figure class=\"wp-block-image alignnone size-full wp-image-3696\"><img src=\"https:\/\/tweetandtravel.files.wordpress.com\/2019\/11\/abbaye-saint-pierre-de-maillezais.jpg\" alt=\"L'abbaye Saint Pierre de Maillezais\" class=\"wp-image-3696\"\/><figcaption>L'abbaye Saint Pierre de Maillezais<\/figcaption><\/figure>\n\n\n\n<figure class=\"wp-block-image alignnone size-full wp-image-3693\"><img src=\"https:\/\/tweetandtravel.files.wordpress.com\/2019\/11\/marais-poitevin-embarcadere-le-petit-port-sauvage-1.jpg\" alt=\"OLYMPUS DIGITAL CAMERA\" class=\"wp-image-3693\"\/><figcaption>Marais Poitevin, Embarcad\u00e8re Le Petit Port Sauvage<\/figcaption><\/figure>\n<div class=\"pntrst_main_before_after\"><\/div>","protected":false},"excerpt":{"rendered":"<p>An 18th century building in the historic center of Lu\u00e7on, in the French region of the Pays de la Loire, among Gothic cathedrals, abbeys and fairytale castles.<\/p>\n","protected":false},"author":1,"featured_media":5263,"comment_status":"open","ping_status":"open","sticky":false,"template":"","format":"standard","meta":[],"categories":[7,57,11],"tags":[50,91],"aioseo_notices":[],"yoast_head":"<!-- This site is optimized with the Yoast SEO plugin v15.9.1 - https:\/\/yoast.com\/wordpress\/plugins\/seo\/ -->\n<title>L\u2019Esprit des Lieux, Lu\u00e7on &middot; Slow Living Hideaway<\/title>\n<link rel=\"canonical\" href=\"https:\/\/slowlivinghideaway.com\/en\/2019\/11\/08\/lesprit-des-lieux\/\" \/>\n<meta property=\"og:locale\" content=\"en_US\" \/>\n<meta property=\"og:type\" content=\"article\" \/>\n<meta property=\"og:title\" content=\"L\u2019Esprit des Lieux, Lu\u00e7on &middot; Slow Living Hideaway\" \/>\n<meta property=\"og:description\" content=\"An 18th century building in the historic center of Lu\u00e7on, in the French region of the Pays de la Loire, among Gothic cathedrals, abbeys and fairytale castles.\" \/>\n<meta property=\"og:url\" content=\"https:\/\/slowlivinghideaway.com\/en\/2019\/11\/08\/lesprit-des-lieux\/\" \/>\n<meta property=\"og:site_name\" content=\"Slow Living Hideaway\" \/>\n<meta property=\"article:published_time\" content=\"2019-11-08T18:30:01+00:00\" \/>\n<meta property=\"article:modified_time\" content=\"2021-04-19T15:35:32+00:00\" \/>\n<meta property=\"og:image\" content=\"https:\/\/slowlivinghideaway.com\/en\/wp-content\/uploads\/sites\/2\/2020\/10\/l-esprit-des-lieux-chambre-d-hotes-1.jpg\" \/>\n\t<meta property=\"og:image:width\" content=\"1536\" \/>\n\t<meta property=\"og:image:height\" content=\"2048\" \/>\n<meta name=\"twitter:card\" content=\"summary_large_image\" \/>\n<meta name=\"twitter:label1\" content=\"Est. reading time\">\n\t<meta name=\"twitter:data1\" content=\"6 minutes\">\n<script type=\"application\/ld+json\" class=\"yoast-schema-graph\">{\"@context\":\"https:\/\/schema.org\",\"@graph\":[{\"@type\":\"Organization\",\"@id\":\"https:\/\/slowlivinghideaway.com\/en\/#organization\",\"name\":\"Slow Living Hideaway\",\"url\":\"https:\/\/slowlivinghideaway.com\/en\/\",\"sameAs\":[\"https:\/\/www.instagram.com\/tweetandtravel\/\"],\"logo\":{\"@type\":\"ImageObject\",\"@id\":\"https:\/\/slowlivinghideaway.com\/en\/#logo\",\"inLanguage\":\"en-US\",\"url\":\"https:\/\/slowlivinghideaway.com\/en\/wp-content\/uploads\/sites\/2\/2021\/08\/logo.png\",\"width\":1157,\"height\":265,\"caption\":\"Slow Living Hideaway\"},\"image\":{\"@id\":\"https:\/\/slowlivinghideaway.com\/en\/#logo\"}},{\"@type\":\"WebSite\",\"@id\":\"https:\/\/slowlivinghideaway.com\/en\/#website\",\"url\":\"https:\/\/slowlivinghideaway.com\/en\/\",\"name\":\"Slow Living Hideaway\",\"description\":\"Slow travel tips for modern travelers\",\"publisher\":{\"@id\":\"https:\/\/slowlivinghideaway.com\/en\/#organization\"},\"potentialAction\":[{\"@type\":\"SearchAction\",\"target\":\"https:\/\/slowlivinghideaway.com\/en\/?s={search_term_string}\",\"query-input\":\"required name=search_term_string\"}],\"inLanguage\":\"en-US\"},{\"@type\":\"ImageObject\",\"@id\":\"https:\/\/slowlivinghideaway.com\/en\/2019\/11\/08\/lesprit-des-lieux\/#primaryimage\",\"inLanguage\":\"en-US\",\"url\":\"https:\/\/slowlivinghideaway.com\/en\/wp-content\/uploads\/sites\/2\/2020\/10\/l-esprit-des-lieux-chambre-d-hotes-1.jpg\",\"width\":1536,\"height\":2048},{\"@type\":\"WebPage\",\"@id\":\"https:\/\/slowlivinghideaway.com\/en\/2019\/11\/08\/lesprit-des-lieux\/#webpage\",\"url\":\"https:\/\/slowlivinghideaway.com\/en\/2019\/11\/08\/lesprit-des-lieux\/\",\"name\":\"L\\u2019Esprit des Lieux, Lu\\u00e7on &middot; Slow Living Hideaway\",\"isPartOf\":{\"@id\":\"https:\/\/slowlivinghideaway.com\/en\/#website\"},\"primaryImageOfPage\":{\"@id\":\"https:\/\/slowlivinghideaway.com\/en\/2019\/11\/08\/lesprit-des-lieux\/#primaryimage\"},\"datePublished\":\"2019-11-08T18:30:01+00:00\",\"dateModified\":\"2021-04-19T15:35:32+00:00\",\"breadcrumb\":{\"@id\":\"https:\/\/slowlivinghideaway.com\/en\/2019\/11\/08\/lesprit-des-lieux\/#breadcrumb\"},\"inLanguage\":\"en-US\",\"potentialAction\":[{\"@type\":\"ReadAction\",\"target\":[\"https:\/\/slowlivinghideaway.com\/en\/2019\/11\/08\/lesprit-des-lieux\/\"]}]},{\"@type\":\"BreadcrumbList\",\"@id\":\"https:\/\/slowlivinghideaway.com\/en\/2019\/11\/08\/lesprit-des-lieux\/#breadcrumb\",\"itemListElement\":[{\"@type\":\"ListItem\",\"position\":1,\"item\":{\"@type\":\"WebPage\",\"@id\":\"https:\/\/slowlivinghideaway.com\/en\/\",\"url\":\"https:\/\/slowlivinghideaway.com\/en\/\",\"name\":\"Home\"}},{\"@type\":\"ListItem\",\"position\":2,\"item\":{\"@type\":\"WebPage\",\"@id\":\"https:\/\/slowlivinghideaway.com\/en\/2019\/11\/08\/lesprit-des-lieux\/\",\"url\":\"https:\/\/slowlivinghideaway.com\/en\/2019\/11\/08\/lesprit-des-lieux\/\",\"name\":\"L\\u2019Esprit des Lieux, Lu\\u00e7on\"}}]},{\"@type\":\"Article\",\"@id\":\"https:\/\/slowlivinghideaway.com\/en\/2019\/11\/08\/lesprit-des-lieux\/#article\",\"isPartOf\":{\"@id\":\"https:\/\/slowlivinghideaway.com\/en\/2019\/11\/08\/lesprit-des-lieux\/#webpage\"},\"author\":{\"@id\":\"https:\/\/slowlivinghideaway.com\/en\/#\/schema\/person\/bbeaafea68f54f8f2fc2a8d0a0b88c5a\"},\"headline\":\"L\\u2019Esprit des Lieux, Lu\\u00e7on\",\"datePublished\":\"2019-11-08T18:30:01+00:00\",\"dateModified\":\"2021-04-19T15:35:32+00:00\",\"mainEntityOfPage\":{\"@id\":\"https:\/\/slowlivinghideaway.com\/en\/2019\/11\/08\/lesprit-des-lieux\/#webpage\"},\"commentCount\":0,\"publisher\":{\"@id\":\"https:\/\/slowlivinghideaway.com\/en\/#organization\"},\"image\":{\"@id\":\"https:\/\/slowlivinghideaway.com\/en\/2019\/11\/08\/lesprit-des-lieux\/#primaryimage\"},\"keywords\":\"bed and breakfast,francia\",\"articleSection\":\"Europe,France,Sleep\",\"inLanguage\":\"en-US\",\"potentialAction\":[{\"@type\":\"CommentAction\",\"name\":\"Comment\",\"target\":[\"https:\/\/slowlivinghideaway.com\/en\/2019\/11\/08\/lesprit-des-lieux\/#respond\"]}]},{\"@type\":\"Person\",\"@id\":\"https:\/\/slowlivinghideaway.com\/en\/#\/schema\/person\/bbeaafea68f54f8f2fc2a8d0a0b88c5a\",\"name\":\"Antonella Machet\",\"image\":{\"@type\":\"ImageObject\",\"@id\":\"https:\/\/slowlivinghideaway.com\/en\/#personlogo\",\"inLanguage\":\"en-US\",\"url\":\"https:\/\/secure.gravatar.com\/avatar\/cbf987e43697367de08e68896695aa58?s=96&d=mm&r=g\",\"caption\":\"Antonella Machet\"},\"description\":\"JOURNALIST and STORYTELLER - Sono una giornalista e creo contenuti per siti web, social media e materiali promozionali. Mi piace raccontare storie con le parole, ma anche cogliere atmosfere magiche con la macchina fotografica.\",\"sameAs\":[\"https:\/\/slowlivinghideaway.com\",\"https:\/\/www.instagram.com\/slowlivinghideaway\/\"]}]}<\/script>\n<!-- \/ Yoast SEO plugin. -->","_links":{"self":[{"href":"https:\/\/slowlivinghideaway.com\/en\/wp-json\/wp\/v2\/posts\/3123"}],"collection":[{"href":"https:\/\/slowlivinghideaway.com\/en\/wp-json\/wp\/v2\/posts"}],"about":[{"href":"https:\/\/slowlivinghideaway.com\/en\/wp-json\/wp\/v2\/types\/post"}],"author":[{"embeddable":true,"href":"https:\/\/slowlivinghideaway.com\/en\/wp-json\/wp\/v2\/users\/1"}],"replies":[{"embeddable":true,"href":"https:\/\/slowlivinghideaway.com\/en\/wp-json\/wp\/v2\/comments?post=3123"}],"version-history":[{"count":2,"href":"https:\/\/slowlivinghideaway.com\/en\/wp-json\/wp\/v2\/posts\/3123\/revisions"}],"predecessor-version":[{"id":6596,"href":"https:\/\/slowlivinghideaway.com\/en\/wp-json\/wp\/v2\/posts\/3123\/revisions\/6596"}],"wp:featuredmedia":[{"embeddable":true,"href":"https:\/\/slowlivinghideaway.com\/en\/wp-json\/wp\/v2\/media\/5263"}],"wp:attachment":[{"href":"https:\/\/slowlivinghideaway.com\/en\/wp-json\/wp\/v2\/media?parent=3123"}],"wp:term":[{"taxonomy":"category","embeddable":true,"href":"https:\/\/slowlivinghideaway.com\/en\/wp-json\/wp\/v2\/categories?post=3123"},{"taxonomy":"post_tag","embeddable":true,"href":"https:\/\/slowlivinghideaway.com\/en\/wp-json\/wp\/v2\/tags?post=3123"}],"curies":[{"name":"wp","href":"https:\/\/api.w.org\/{rel}","templated":true}]}}